{"id":10262,"date":"2018-03-20T11:28:01","date_gmt":"2018-03-20T09:28:01","guid":{"rendered":"http:\/\/www.comprensivonegricasale.edu.it\/?p=10262"},"modified":"2018-03-20T11:28:43","modified_gmt":"2018-03-20T09:28:43","slug":"sciopero-del-23-03-2018-modalita-erogazione-servizio","status":"publish","type":"post","link":"https:\/\/www.comprensivonegricasale.edu.it\/sciopero-del-23-03-2018-modalita-erogazione-servizio\/","title":{"rendered":"Sciopero del 23\/03\/2018 &#8211; Modalit\u00e0 erogazione servizio"},"content":{"rendered":"<p>Casale Monferrato 20\/03\/2018<\/p>\n<p>A seguito dello sciopero indetto da sigle sindacali del comparto scuola, si comunica la seguente organizzazione delle attivit\u00e0 didattiche per il giorno 23\/03\/2018:<!--more--><\/p>\n<p><strong>Scuola dell&#8217;Infanzia<\/strong><\/p>\n<ul>\n<li>SCUOLA INFANZIA \u201c Stropeni \u201d di Villanova: le attivit\u00e0 sono regolari<strong><span style=\"text-decoration: underline;\">;<\/span><\/strong><\/li>\n<li>SCUOLA INFANZIA \u201cPeter Pan\u201d : le attivit\u00e0 sono regolari<\/li>\n<li>SCUOLA INFANZIA \u201cPiccolo Principe\u201d :&nbsp; <b>Le attivit\u00e0 sono sospese<\/b><\/li>\n<li>SCUOLA INFANZIA \u201dRegina Margherita \u201ddi Balzola: le attivit\u00e0 sono regolari<\/li>\n<li>SCUOLA INFANZIA \u201cGallo \u201c di Morano :le attivit\u00e0 sono regolari.<\/li>\n<\/ul>\n<p><strong>Scuola Primaria<\/strong><\/p>\n<ul>\n<li>SCUOLA PRIMARIA \u201cS.Paolo\u201d Casale M.to:&nbsp; <strong>Classe 1 sez. B e classi 4 sez. A \/B<\/strong>&nbsp;<strong><span style=\"text-decoration: underline;\">Non sono garantite le attivit\u00e0 didattiche, sar\u00e0 garantita la sola attivit\u00e0 di sorveglianza<\/span><\/strong><\/li>\n<li>SCUOLA PRIMARIA \u201cIV Novembre\u201dCasale M.to:&nbsp;<strong>classi 3 sez. A \/B&nbsp; e classi 5 sez. A\/B&nbsp;<span style=\"text-decoration: underline;\">Non sono garantite le attivit\u00e0 didattiche, sar\u00e0 garantita la sola attivit\u00e0 di sorveglianza<\/span><\/strong><\/li>\n<li>SCUOLA PRIMARIA \u201cG.Emanuel\u201d di Morano:&nbsp;<strong>Per&nbsp; le classi&nbsp; 1,2,5 sez. A&nbsp;<span style=\"text-decoration: underline;\">Non sono garantite le attivit\u00e0 didattiche, sar\u00e0 garantita la sola attivit\u00e0 di sorveglianza<\/span><\/strong><\/li>\n<li>SCUOLA PRIMARIA \u201cE.De Amicis\u201d di Balzola: le attivit\u00e0 sono regolari<\/li>\n<li>SCUOLA PRIMARIA \u201cMombelli\u201d di Villanova M.to : le attivit\u00e0 sono regolari<\/li>\n<\/ul>\n<p><strong>Scuola Secondaria I\u00b0 grado<\/strong><\/p>\n<ul>\n<li>SCUOLA SECONDARIA DI 1\u00b0 GRADO \u201cLeardi\u201d Casale M.to: <strong>Per le classi 1 sez. B\/C\/D; classi 2&nbsp; sez. A\/B\/C; classi 3 sez. B\/C&nbsp;<span style=\"text-decoration: underline;\">Non sono garantite le attivit\u00e0 didattiche ma la sola attivit\u00e0 di sorveglianza<\/span><\/strong><\/li>\n<li>SCUOLA SECONDARIA DI 1\u00b0 GRADO \u201c Martinotti \u201d di Villanova M.to: le attivit\u00e0 sono regolari<\/li>\n<\/ul>\n<p>Il Dirigente Scolastico<br \/>\nEmanuela CAVALLI<\/p>\n","protected":false},"excerpt":{"rendered":"<p>Casale Monferrato 20\/03\/2018 A seguito dello sciopero indetto da sigle sindacali del comparto scuola, si comunica la seguente organizzazione delle attivit\u00e0 didattiche per il giorno 23\/03\/2018:<\/p>\n","protected":false},"author":1,"featured_media":8929,"comment_status":"closed","ping_status":"open","sticky":false,"template":"","format":"standard","meta":{"ngg_post_thumbnail":0},"categories":[2],"tags":[166],"_links":{"self":[{"href":"https:\/\/www.comprensivonegricasale.edu.it\/wp-json\/wp\/v2\/posts\/10262"}],"collection":[{"href":"https:\/\/www.comprensivonegricasale.edu.it\/wp-json\/wp\/v2\/posts"}],"about":[{"href":"https:\/\/www.comprensivonegricasale.edu.it\/wp-json\/wp\/v2\/types\/post"}],"author":[{"embeddable":true,"href":"https:\/\/www.comprensivonegricasale.edu.it\/wp-json\/wp\/v2\/users\/1"}],"replies":[{"embeddable":true,"href":"https:\/\/www.comprensivonegricasale.edu.it\/wp-json\/wp\/v2\/comments?post=10262"}],"version-history":[{"count":1,"href":"https:\/\/www.comprensivonegricasale.edu.it\/wp-json\/wp\/v2\/posts\/10262\/revisions"}],"predecessor-version":[{"id":10263,"href":"https:\/\/www.comprensivonegricasale.edu.it\/wp-json\/wp\/v2\/posts\/10262\/revisions\/10263"}],"wp:featuredmedia":[{"embeddable":true,"href":"https:\/\/www.comprensivonegricasale.edu.it\/wp-json\/wp\/v2\/media\/8929"}],"wp:attachment":[{"href":"https:\/\/www.comprensivonegricasale.edu.it\/wp-json\/wp\/v2\/media?parent=10262"}],"wp:term":[{"taxonomy":"category","embeddable":true,"href":"https:\/\/www.comprensivonegricasale.edu.it\/wp-json\/wp\/v2\/categories?post=10262"},{"taxonomy":"post_tag","embeddable":true,"href":"https:\/\/www.comprensivonegricasale.edu.it\/wp-json\/wp\/v2\/tags?post=10262"}],"curies":[{"name":"wp","href":"https:\/\/api.w.org\/{rel}","templated":true}]}}