{"id":10423,"date":"2018-04-27T12:47:21","date_gmt":"2018-04-27T10:47:21","guid":{"rendered":"http:\/\/www.comprensivonegricasale.edu.it\/?p=10423"},"modified":"2018-04-27T13:10:38","modified_gmt":"2018-04-27T11:10:38","slug":"sciopero-del-02-e-03-maggio-2018-modalita-erogazione-servizio","status":"publish","type":"post","link":"https:\/\/www.comprensivonegricasale.edu.it\/sciopero-del-02-e-03-maggio-2018-modalita-erogazione-servizio\/","title":{"rendered":"Sciopero del 02 e 03 maggio 2018 &#8211; Modalit\u00e0 erogazione servizio"},"content":{"rendered":"<p>Casale Monferrato 27\/04\/2018<\/p>\n<p>A seguito dello sciopero indetto da sigle sindacali del comparto scuola, si comunica la seguente organizzazione delle attivit\u00e0 didattiche per i giorni 02 e 03 maggio 2018:<!--more--><\/p>\n<p><strong>Scuola dell&#8217;Infanzia<\/strong><\/p>\n<ul>\n<li>SCUOLA INFANZIA \u201cPeter Pan\u201d : le attivit\u00e0 sono regolari<\/li>\n<li>SCUOLA INFANZIA \u201cPiccolo Principe\u201d :\n<ul>\n<li>Sez. A le attivit\u00e0 sono regolari,&nbsp;<\/li>\n<li><b>Sez. B il giorno 02\/05\/2018 le attivit\u00e0 termineranno alle ore 13:00&nbsp;<\/b><\/li>\n<li><b>Sez. B il giorno 03\/05\/2018 le attivit\u00e0 sono sospese<\/b><\/li>\n<li><strong>Sez. C e D le attivit\u00e0 sono sospese i giorni 02 e 03 maggio 2018<\/strong><\/li>\n<\/ul>\n<\/li>\n<li>SCUOLA INFANZIA \u201dRegina Margherita \u201ddi Balzola: le attivit\u00e0 sono regolari<\/li>\n<li>SCUOLA INFANZIA \u201cGallo \u201c di Morano :le attivit\u00e0 sono regolari<\/li>\n<li>SCUOLA INFANZIA \u201c Stropeni \u201d di Villanova: le attivit\u00e0 sono regolari<strong><span style=\"text-decoration: underline;\">;<\/span><\/strong><\/li>\n<\/ul>\n<p><strong>Scuola Primaria<\/strong><\/p>\n<ul>\n<li>SCUOLA PRIMARIA \u201cS.Paolo\u201d Casale M.to:&nbsp;\n<ul>\n<li><strong><span style=\"text-decoration: underline;\">02\/05\/2018: classe 1 sez. A le attivit\u00e0 didattiche inizieranno alle ore 14:30<\/span><\/strong><\/li>\n<li><strong><span style=\"text-decoration: underline;\">02\/05\/2018: classe 1 sez. B le attivit\u00e0 didattiche termineranno alle ore 14:30<\/span><\/strong><\/li>\n<li><strong>02\/05\/2018: classi 3 sez. A\/B; classi 4 sez. A\/B; classe 5 sez. B&nbsp;<span style=\"text-decoration: underline;\"><strong>Non sono garantite le attivit\u00e0 didattiche, sar\u00e0 garantita la sola attivit\u00e0 di sorveglianz<\/strong>a<\/span><\/strong><\/li>\n<\/ul>\n<\/li>\n<li>&nbsp;\n<ul>\n<li><strong>03\/05\/2018&nbsp;<span style=\"text-decoration: underline;\"><strong>cla<\/strong>sse 1 sez. A le attivit\u00e0 didattiche termineranno alle ore 12:30<\/span><\/strong><\/li>\n<li><strong>03\/05\/2018:&nbsp;classi 3 sez. A\/B; classi 4 sez. A\/B;&nbsp;&nbsp;<span style=\"text-decoration: underline;\">Non sono garantite le attivit\u00e0 didattiche, sar\u00e0 garantita la sola attivit\u00e0 di sorveglianza<\/span><\/strong><\/li>\n<\/ul>\n<\/li>\n<\/ul>\n<ul>\n<li>SCUOLA PRIMARIA \u201cIV Novembre\u201dCasale M.to:&nbsp;\n<ul>\n<li><strong>02\/05\/2018:classi 3 sez. A \/B&nbsp; e classi 5 sez. A\/B&nbsp;<span style=\"text-decoration: underline;\">Non sono garantite le attivit\u00e0 didattiche, sar\u00e0 garantita la sola attivit\u00e0 di sorveglianza<\/span><\/strong><\/li>\n<li><strong>03\/05\/2018<\/strong>:&nbsp;<strong>classi 3 sez. A \/B&nbsp; e classi 5 sez. A\/B&nbsp;<span style=\"text-decoration: underline;\">Non sono garantite le attivit\u00e0 didattiche, sar\u00e0 garantita la sola attivit\u00e0 di sorveglianza<\/span><\/strong><\/li>\n<\/ul>\n<\/li>\n<li><\/li>\n<li>SCUOLA PRIMARIA \u201cG.Emanuel\u201d di Morano:\n<ul>\n<li>03\/05\/2018:&nbsp;<strong>&nbsp;classe 5 sez. A&nbsp;<span style=\"text-decoration: underline;\">Non sono garantite le attivit\u00e0 didattiche, sar\u00e0 garantita la sola attivit\u00e0 di sorveglianza<\/span><\/strong><\/li>\n<\/ul>\n<\/li>\n<li><\/li>\n<li>SCUOLA PRIMARIA \u201cE.De Amicis\u201d di Balzola: le attivit\u00e0 sono regolari<\/li>\n<li>SCUOLA PRIMARIA \u201cMombelli\u201d di Villanova M.to : le attivit\u00e0 sono regolari<\/li>\n<\/ul>\n<p><strong>Scuola Secondaria I\u00b0 grado<\/strong><\/p>\n<ul>\n<li>SCUOLA SECONDARIA DI 1\u00b0 GRADO \u201cLeardi\u201d Casale M.to:\n<ul>\n<li><strong>02\/05\/2018: Per le classi 1 sez. A\/B\/; classe 2&nbsp; sez. A; classe 3 sez. A&nbsp;<span style=\"text-decoration: underline;\">Non sono garantite le attivit\u00e0 didattiche ma la sola attivit\u00e0 di sorveglianza<\/span><\/strong><\/li>\n<li>03\/05\/2018:&nbsp;<strong>Per le classi 1 sez. B\/C; classe 2&nbsp; sez. A; classe 3 sez. A&nbsp;<span style=\"text-decoration: underline;\">Non sono garantite le attivit\u00e0 didattiche ma la sola attivit\u00e0 di sorveglianza<\/span><\/strong><\/li>\n<\/ul>\n<\/li>\n<li><\/li>\n<li>SCUOLA SECONDARIA DI 1\u00b0 GRADO \u201c Martinotti \u201d di Villanova M.to:\n<ul>\n<li><strong>02\/05\/2018: Per le classi 1 sez. A\/B\/; classe 2&nbsp; sez. A; classe 3 sez. B&nbsp;<span style=\"text-decoration: underline;\">Non sono garantite le attivit\u00e0 didattiche ma la sola attivit\u00e0 di sorveglianza<\/span><\/strong><\/li>\n<\/ul>\n<\/li>\n<\/ul>\n<p>Il Dirigente Scolastico<br \/>\nEmanuela CAVALLI<\/p>\n","protected":false},"excerpt":{"rendered":"<p>Casale Monferrato 27\/04\/2018 A seguito dello sciopero indetto da sigle sindacali del comparto scuola, si comunica la seguente organizzazione delle attivit\u00e0 didattiche per i giorni 02 e 03 maggio 2018:<\/p>\n","protected":false},"author":1,"featured_media":8929,"comment_status":"closed","ping_status":"open","sticky":false,"template":"","format":"standard","meta":{"ngg_post_thumbnail":0},"categories":[2],"tags":[166],"_links":{"self":[{"href":"https:\/\/www.comprensivonegricasale.edu.it\/wp-json\/wp\/v2\/posts\/10423"}],"collection":[{"href":"https:\/\/www.comprensivonegricasale.edu.it\/wp-json\/wp\/v2\/posts"}],"about":[{"href":"https:\/\/www.comprensivonegricasale.edu.it\/wp-json\/wp\/v2\/types\/post"}],"author":[{"embeddable":true,"href":"https:\/\/www.comprensivonegricasale.edu.it\/wp-json\/wp\/v2\/users\/1"}],"replies":[{"embeddable":true,"href":"https:\/\/www.comprensivonegricasale.edu.it\/wp-json\/wp\/v2\/comments?post=10423"}],"version-history":[{"count":4,"href":"https:\/\/www.comprensivonegricasale.edu.it\/wp-json\/wp\/v2\/posts\/10423\/revisions"}],"predecessor-version":[{"id":10427,"href":"https:\/\/www.comprensivonegricasale.edu.it\/wp-json\/wp\/v2\/posts\/10423\/revisions\/10427"}],"wp:featuredmedia":[{"embeddable":true,"href":"https:\/\/www.comprensivonegricasale.edu.it\/wp-json\/wp\/v2\/media\/8929"}],"wp:attachment":[{"href":"https:\/\/www.comprensivonegricasale.edu.it\/wp-json\/wp\/v2\/media?parent=10423"}],"wp:term":[{"taxonomy":"category","embeddable":true,"href":"https:\/\/www.comprensivonegricasale.edu.it\/wp-json\/wp\/v2\/categories?post=10423"},{"taxonomy":"post_tag","embeddable":true,"href":"https:\/\/www.comprensivonegricasale.edu.it\/wp-json\/wp\/v2\/tags?post=10423"}],"curies":[{"name":"wp","href":"https:\/\/api.w.org\/{rel}","templated":true}]}}