{"id":11155,"date":"2019-01-03T12:53:53","date_gmt":"2019-01-03T10:53:53","guid":{"rendered":"http:\/\/www.comprensivonegricasale.edu.it\/?p=11155"},"modified":"2019-01-23T20:26:32","modified_gmt":"2019-01-23T18:26:32","slug":"sciopero-del-7-e-8-gennaio-2019-modalita-erogazione-servizio","status":"publish","type":"post","link":"https:\/\/www.comprensivonegricasale.edu.it\/sciopero-del-7-e-8-gennaio-2019-modalita-erogazione-servizio\/","title":{"rendered":"Sciopero del 7 e 8 gennaio 2019 &#8211; Modalit\u00e0 erogazione servizio"},"content":{"rendered":"\r\n<p>Casale Monferrato 03\/01\/2019<\/p>\r\n\r\n\r\n\r\n<p>A seguito dello sciopero indetto da sigle sindacali del comparto scuola, si comunica la seguente organizzazione delle attivit\u00e0 didattiche per i giorni 07 e 08 gennaio 2019:<\/p>\r\n\r\n\r\n\r\n<p><!--more--><\/p>\r\n\r\n\r\n\r\n<p><strong>Scuola dell&#8217;Infanzia<\/strong><\/p>\r\n\r\n\r\n\r\n<ul>\r\n<li>SCUOLA INFANZIA \u201cPeter Pan\u201d : le attivit\u00e0 sono regolari<\/li>\r\n<li>SCUOLA INFANZIA \u201cPiccolo Principe\u201d :&nbsp;le attivit\u00e0 didattiche delle sezioni B (rossi), e C (gialli), <strong>termineranno alle ore 13:00 i giorni 07 e 08 gennaio 2019 <\/strong><\/li>\r\n<li>SCUOLA INFANZIA \u201dRegina Margherita \u201ddi Balzola: le attivit\u00e0 sono regolari<\/li>\r\n<li>SCUOLA INFANZIA \u201cGallo \u201c di Morano :le attivit\u00e0 sono regolari<\/li>\r\n<li>SCUOLA INFANZIA \u201c Stropeni \u201d di Villanova:&nbsp;le attivit\u00e0 sono regolari<\/li>\r\n<\/ul>\r\n\r\n\r\n\r\n<p><strong>Scuola Primaria<\/strong><\/p>\r\n\r\n\r\n\r\n<ul>\r\n<li>SCUOLA PRIMARIA \u201cS.Paolo\u201d Casale M.to:&nbsp;\r\n<ul>\r\n<li><strong>Classi 5 sez.A e B&nbsp;&nbsp;Non sono garantite le attivit\u00e0 didattiche, sar\u00e0 garantita la sola attivit\u00e0 di sorveglianza&nbsp;nei&nbsp;giorni&nbsp;7&nbsp;e&nbsp;8&nbsp;gennaio&nbsp;2019<\/strong><\/li>\r\n<\/ul>\r\n<\/li>\r\n<\/ul>\r\n\r\n\r\n\r\n<ul>\r\n<li>SCUOLA PRIMARIA \u201cIV Novembre\u201dCasale M.to:&nbsp;le attivit\u00e0 sono regolari<\/li>\r\n<li>SCUOLA PRIMARIA \u201cG.Emanuel\u201d di Morano:&nbsp;le attivit\u00e0 sono regolari<\/li>\r\n<li>SCUOLA PRIMARIA \u201cE.De Amicis\u201d di Balzola: le attivit\u00e0 sono regolari<\/li>\r\n<li>SCUOLA PRIMARIA \u201cMombelli\u201d di Villanova M.to : le attivit\u00e0 sono regolari<\/li>\r\n<\/ul>\r\n\r\n\r\n\r\n<p><strong>Scuola Secondaria I\u00b0 grado<\/strong><\/p>\r\n\r\n\r\n\r\n<ul>\r\n<li>SCUOLA SECONDARIA DI 1\u00b0 GRADO \u201cLeardi\u201d Casale M.to:&nbsp;le attivit\u00e0 sono regolari<\/li>\r\n<li>SCUOLA SECONDARIA DI 1\u00b0 GRADO \u201c Martinotti \u201d di Villanova M.to:&nbsp;le attivit\u00e0 sono regolari<\/li>\r\n<\/ul>\r\n\r\n\r\n\r\n<p>Il Dirigente Scolastico<br>Emanuela CAVALLI<\/p>\r\n","protected":false},"excerpt":{"rendered":"<p>Casale Monferrato 03\/01\/2019 A seguito dello sciopero indetto da sigle sindacali del comparto scuola, si comunica la seguente organizzazione delle attivit\u00e0 didattiche per i giorni 07 e 08 gennaio 2019:<\/p>\n","protected":false},"author":1,"featured_media":8929,"comment_status":"closed","ping_status":"closed","sticky":false,"template":"","format":"standard","meta":{"ngg_post_thumbnail":0},"categories":[2],"tags":[166],"_links":{"self":[{"href":"https:\/\/www.comprensivonegricasale.edu.it\/wp-json\/wp\/v2\/posts\/11155"}],"collection":[{"href":"https:\/\/www.comprensivonegricasale.edu.it\/wp-json\/wp\/v2\/posts"}],"about":[{"href":"https:\/\/www.comprensivonegricasale.edu.it\/wp-json\/wp\/v2\/types\/post"}],"author":[{"embeddable":true,"href":"https:\/\/www.comprensivonegricasale.edu.it\/wp-json\/wp\/v2\/users\/1"}],"replies":[{"embeddable":true,"href":"https:\/\/www.comprensivonegricasale.edu.it\/wp-json\/wp\/v2\/comments?post=11155"}],"version-history":[{"count":3,"href":"https:\/\/www.comprensivonegricasale.edu.it\/wp-json\/wp\/v2\/posts\/11155\/revisions"}],"predecessor-version":[{"id":11242,"href":"https:\/\/www.comprensivonegricasale.edu.it\/wp-json\/wp\/v2\/posts\/11155\/revisions\/11242"}],"wp:featuredmedia":[{"embeddable":true,"href":"https:\/\/www.comprensivonegricasale.edu.it\/wp-json\/wp\/v2\/media\/8929"}],"wp:attachment":[{"href":"https:\/\/www.comprensivonegricasale.edu.it\/wp-json\/wp\/v2\/media?parent=11155"}],"wp:term":[{"taxonomy":"category","embeddable":true,"href":"https:\/\/www.comprensivonegricasale.edu.it\/wp-json\/wp\/v2\/categories?post=11155"},{"taxonomy":"post_tag","embeddable":true,"href":"https:\/\/www.comprensivonegricasale.edu.it\/wp-json\/wp\/v2\/tags?post=11155"}],"curies":[{"name":"wp","href":"https:\/\/api.w.org\/{rel}","templated":true}]}}