{"id":11600,"date":"2019-05-23T12:19:28","date_gmt":"2019-05-23T10:19:28","guid":{"rendered":"http:\/\/www.comprensivonegricasale.edu.it\/?p=11600"},"modified":"2019-05-24T16:16:41","modified_gmt":"2019-05-24T14:16:41","slug":"follow-the-money-da-giovanni-falcone-alla-convenzione-onu-di-palermo-contro-la-criminalita-organizzata-transnazionale","status":"publish","type":"post","link":"https:\/\/www.comprensivonegricasale.edu.it\/follow-the-money-da-giovanni-falcone-alla-convenzione-onu-di-palermo-contro-la-criminalita-organizzata-transnazionale\/","title":{"rendered":"\u201cFollow the money. Da Giovanni Falcone alla convenzione ONU di Palermo contro la criminalit\u00e0 organizzata transnazionale"},"content":{"rendered":"<p>&nbsp;<\/p>\n\n\n\t<div class='ngg-imagebrowser'\n         id='ngg-imagebrowser-0eda7457f7cd745f4d9aea8b24b4aace-11600'\n         data-nextgen-gallery-id=\"0eda7457f7cd745f4d9aea8b24b4aace\">\n\n        <h3>palermo2019<\/h3>\n\n        <div id=\"ngg-image-0\" class=\"pic\" >\n\n        <a href='https:\/\/www.comprensivonegricasale.edu.it\/wp-content\/gallery\/palermo-2019\/palermo2019.jpg'\n           title=' '\n           data-src=\"https:\/\/www.comprensivonegricasale.edu.it\/wp-content\/gallery\/palermo-2019\/palermo2019.jpg\"\n           data-thumbnail=\"https:\/\/www.comprensivonegricasale.edu.it\/wp-content\/gallery\/palermo-2019\/thumbs\/thumbs_palermo2019.jpg\"\n           data-image-id=\"111\"\n           data-title=\"palermo2019\"\n           data-description=\" \"\n           class=\"ngg-fancybox\" rel=\"0eda7457f7cd745f4d9aea8b24b4aace\">\n            <img title='palermo2019'\n                 alt='palermo2019'\n                 src='https:\/\/www.comprensivonegricasale.edu.it\/wp-content\/gallery\/palermo-2019\/palermo2019.jpg'\/>\n        <\/a>\n\n        <\/div> \n\n        <div class='ngg-imagebrowser-nav'>\n\n            <div class='back'>\n                <a class='ngg-browser-prev'\n                   id='ngg-prev-110'\n                   href='https:\/\/www.comprensivonegricasale.edu.it\/follow-the-money-da-giovanni-falcone-alla-convenzione-onu-di-palermo-contro-la-criminalita-organizzata-transnazionale\/nggallery\/image\/premiazione-torino\/'>\n                    &#9668; Indietro                <\/a>\n            <\/div>\n\n            <div class='next'>\n                <a class='ngg-browser-next'\n                   id='ngg-next-110'\n                   href='https:\/\/www.comprensivonegricasale.edu.it\/follow-the-money-da-giovanni-falcone-alla-convenzione-onu-di-palermo-contro-la-criminalita-organizzata-transnazionale\/nggallery\/image\/premiazione-torino\/'>\n                    Avanti                    &#9658;\n                <\/a>\n            <\/div>\n\n            <div class='counter'>\n                Immagine                1                di                2            <\/div>\n\n            <div class='ngg-imagebrowser-desc'>\n                <p> <\/p>\n            <\/div>\n\n        <\/div>\n    <\/div>\n\n\n<p style=\"text-align: justify;\">Prestigioso riconoscimento ottenuto dall\u2019 Istituto Comprensivo \u201c<strong>F. Negri<\/strong>\u201d, che si \u00e8 classificato al primo posto in Piemonte fra le scuole di pari grado e Menzione speciale a livello nazionale al \u201c<a href=\"http:\/\/www.fondazionefalcone.it\/\">XXVII Concorso Falcone\u201d<\/a>, organizzato dal <a href=\"https:\/\/www.miur.gov.it\/web\/guest\/-\/-palermochiamaitalia\">MIUR<\/a> e dall\u2019omonima Fondazione per commemorare il giudice scomparso nella strage di Capaci il 23 maggio 1992.<\/p>\n<p style=\"text-align: justify;\">Il titolo di quest\u2019anno \u00e8 \u201c<strong>Follow the money. Da Giovanni Falcone alla convenzione ONU di Palermo contro la criminalit\u00e0 organizzata transnazionale<\/strong>\u201d e la tematica \u00e8 stata interpretata dalla classe <strong>III A <\/strong>della <strong>Scuola Secondaria di I\u00b0 \u201cLeardi\u201d(<\/strong>coadiuvata dai docenti <strong>Domenico Cali\u00f2<\/strong> e <strong>Biagio Longo<\/strong>) in un cortometraggio intitolato \u201c<strong>Mafiopoly<\/strong>\u201d che utilizza la metafora del gioco da tavolo Monopoli per spiegare come i movimenti di denaro sporco lascino tracce da seguire per sventare i loschi traffici della criminalit\u00e0 organizzata, secondo una brillante intuizione dello stesso giudice Falcone.<\/p>\n<p style=\"text-align: justify;\">Una rappresentanza di alunni della III A e dei docenti coinvolti ha ottenuto cos\u00ec la possibilit\u00e0, straordinaria e molto ambita, di un viaggio a bordo della Nave della Legalit\u00e0, la quale porter\u00e0 a Palermo un festoso carico di studenti da tutta la penisola per commemorare, insieme al Presidente della Repubblica <strong>Sergio Mattarella<\/strong> ed alle pi\u00f9 alte cariche dello Stato, la strage di Capaci intorno all\u2019albero Falcone e nell\u2019aula bunker che \u00e8 stata teatro del maxi processo. (<a href=\"https:\/\/www.ilmonferrato.it\/articolo\/c4qdaWSlz0G4U3FqanRJYw\/la-metafora-di-mafiopoly-il-corto-della-3a-leardi-e-il-primo-in-piemonte\">Il Monferrato 24\/05\/2019<\/a>)<\/p>\n<p>Leggi anche:&nbsp; <a href=\"https:\/\/www.diregiovani.it\/2019\/05\/23\/255309-mafiopoly-corto-dellic-negri-di-casale-monferrato-premiato-in-aula-bunker.dg\/\">https:\/\/www.diregiovani.it\/2019\/05\/23\/255309-mafiopoly-corto-dellic-negri-di-casale-monferrato-premiato-in-aula-bunker.dg\/<\/a><\/p>\n<p>&nbsp;<\/p>\n<div style=\"text-align: center;\">\n<p><div class=\"pasw2015cookies_block\" style=\"background:rgba(216,216,216,0.5);color:#7f7f7f;width:100%;height:auto;\"><span>Contenuto bloccato, accetta i cookie per visualizzare il contenuto<\/span><\/div>&nbsp;<\/p>\n<p>&nbsp;<\/p>\n<\/div>\n","protected":false},"excerpt":{"rendered":"<p>&nbsp; &nbsp; Prestigioso riconoscimento ottenuto dall\u2019 Istituto Comprensivo \u201cF. Negri\u201d, che si \u00e8 classificato al primo posto in Piemonte fra le scuole di pari grado e Menzione speciale a livello nazionale al \u201cXXVII Concorso Falcone\u201d, organizzato dal MIUR e dall\u2019omonima Fondazione per commemorare il giudice scomparso nella strage di Capaci il 23 maggio 1992. Il&nbsp; &nbsp; <a class=\"moretag\" href=\"https:\/\/www.comprensivonegricasale.edu.it\/follow-the-money-da-giovanni-falcone-alla-convenzione-onu-di-palermo-contro-la-criminalita-organizzata-transnazionale\/\" title=\"Leggi l&#180;intero articolo\">&raquo;<\/a><\/p>\n","protected":false},"author":1,"featured_media":11610,"comment_status":"closed","ping_status":"open","sticky":false,"template":"","format":"standard","meta":{"ngg_post_thumbnail":0},"categories":[4],"tags":[214,139],"_links":{"self":[{"href":"https:\/\/www.comprensivonegricasale.edu.it\/wp-json\/wp\/v2\/posts\/11600"}],"collection":[{"href":"https:\/\/www.comprensivonegricasale.edu.it\/wp-json\/wp\/v2\/posts"}],"about":[{"href":"https:\/\/www.comprensivonegricasale.edu.it\/wp-json\/wp\/v2\/types\/post"}],"author":[{"embeddable":true,"href":"https:\/\/www.comprensivonegricasale.edu.it\/wp-json\/wp\/v2\/users\/1"}],"replies":[{"embeddable":true,"href":"https:\/\/www.comprensivonegricasale.edu.it\/wp-json\/wp\/v2\/comments?post=11600"}],"version-history":[{"count":15,"href":"https:\/\/www.comprensivonegricasale.edu.it\/wp-json\/wp\/v2\/posts\/11600\/revisions"}],"predecessor-version":[{"id":11635,"href":"https:\/\/www.comprensivonegricasale.edu.it\/wp-json\/wp\/v2\/posts\/11600\/revisions\/11635"}],"wp:featuredmedia":[{"embeddable":true,"href":"https:\/\/www.comprensivonegricasale.edu.it\/wp-json\/wp\/v2\/media\/11610"}],"wp:attachment":[{"href":"https:\/\/www.comprensivonegricasale.edu.it\/wp-json\/wp\/v2\/media?parent=11600"}],"wp:term":[{"taxonomy":"category","embeddable":true,"href":"https:\/\/www.comprensivonegricasale.edu.it\/wp-json\/wp\/v2\/categories?post=11600"},{"taxonomy":"post_tag","embeddable":true,"href":"https:\/\/www.comprensivonegricasale.edu.it\/wp-json\/wp\/v2\/tags?post=11600"}],"curies":[{"name":"wp","href":"https:\/\/api.w.org\/{rel}","templated":true}]}}