{"id":13798,"date":"2021-03-05T13:37:21","date_gmt":"2021-03-05T11:37:21","guid":{"rendered":"https:\/\/www.comprensivonegricasale.edu.it\/?p=13798"},"modified":"2021-03-06T22:10:04","modified_gmt":"2021-03-06T20:10:04","slug":"da-lunedi-8-marzo-in-piemonte-dad-per-seconde-terze-medie","status":"publish","type":"post","link":"https:\/\/www.comprensivonegricasale.edu.it\/da-lunedi-8-marzo-in-piemonte-dad-per-seconde-terze-medie\/","title":{"rendered":"DA LUNED\u00cc 8 MARZO IN PIEMONTE DAD PER SECONDE\/TERZE MEDIE"},"content":{"rendered":"<p><span style=\"font-size: 12pt; font-family: georgia, palatino, serif;\">Nonostante la regione Piemonte non si trovi attualmente&nbsp; in zona rossa, <strong>da luned\u00ec 8 marzo 2021 l&#8217;attivit\u00e0 didattica di seconde e terze medie e delle scuole superiori si svolger\u00e0 in modalit\u00e0 DaD al 100%, per 15 giorni. <\/strong><\/span><!--more--><\/p>\n<p><span style=\"font-size: 12pt; font-family: georgia, palatino, serif;\">Leggi comunicato Regione Piemonte <a href=\"https:\/\/www.regione.piemonte.it\/web\/pinforma\/comunicati-stampa\/lunedi-8-marzo-piemonte-dad-per-secondeterze-medie-superiori\">https:\/\/www.regione.piemonte.it\/web\/pinforma\/comunicati-stampa\/lunedi-8-marzo-piemonte-dad-per-secondeterze-medie-superiori&nbsp;<\/a><\/span><\/p>\n<p><span style=\"font-size: 12pt; font-family: georgia, palatino, serif;\">Resteranno in presenza la scuola&nbsp;<strong>dell\u2019infanzia<\/strong>, la&nbsp;<strong>primaria<\/strong>&nbsp;e il&nbsp;<strong>primo anno della scuola secondaria<\/strong> di primo grado. Le attivit\u00e0 didattiche in tutti gli altri casi si svolgeranno <span style=\"text-decoration: underline;\">esclusivamente con modalit\u00e0 a distanza (DaD)<\/span>,<\/span><\/p>\n<h2 style=\"text-align: center;\"><strong>Orario attivit\u00e0 in DaD Scuole Sec. I\u00b0 grado<\/strong><\/h2>\n<p><em><span style=\"font-family: georgia, palatino, serif; font-size: 12pt;\">Le lezioni in Didattica a Distanza saranno organizzate in moduli orari da 50 minuti. Ogni lezione inizier\u00e0 dieci minuti dopo l\u2019ora spaccata (es. 9:10) e finir\u00e0 al termine dell\u2019ora (es. 10.00). Le ore di lezioni settimanali assicurate sono 15, ripartite in 18 moduli orari da 50 minuti ciascuno.<\/span><\/em><\/p>\n<p style=\"text-align: center;\">&nbsp;<\/p>\n<table style=\"border-collapse: collapse; width: 100%; height: 48px;\">\n<tbody>\n<tr style=\"height: 24px;\">\n<td style=\"width: 50%; height: 24px;\"><a href=\"https:\/\/www.comprensivonegricasale.edu.it\/wp-content\/uploads\/2021\/03\/Orario-videolezioni-DAD-Leardi-Classi-seconde-e-terze.pdf\"><em><span style=\"font-size: 12pt; font-family: georgia, palatino, serif;\">Orario classi 2^ e&nbsp; 3^ Scuola Sec. I\u00b0 grado Leardi &#8211; II\u00b0 quadrimestre<\/span><\/em><\/a><\/td>\n<td style=\"width: 50%; height: 24px;\"><a href=\"https:\/\/www.comprensivonegricasale.edu.it\/wp-content\/uploads\/2021\/03\/Orario-videolezioni-DAD-Martinotti-Classi-seconde-e-terze.pdf\"><em><span style=\"font-family: georgia, palatino, serif; font-size: 12pt;\">Orario classi 2^ e&nbsp; 3^ Scuola Sec. I\u00b0 grado Martinotti Villanova Monferrato II\u00b0 quadrimestre<\/span><\/em><\/a><\/td>\n<\/tr>\n<\/tbody>\n<\/table>\n<p><span style=\"font-family: georgia, palatino, serif; font-size: 12pt;\">Le classi Prime della Scuola Sec. di I\u00b0 grado Leardi da luned\u00ec 08\/03\/2021 entreranno ed usciranno dall&#8217;ingresso di Via Gonzaga 21.<\/span><\/p>\n<p><span style=\"font-family: georgia, palatino, serif; font-size: 12pt;\">Le disposizioni suddette sono efficaci <strong>fino al 20\/03\/2021&nbsp; o fino a nuova comunicazione.<\/strong><\/span><\/p>\n<p><span style=\"font-size: 12pt; font-family: georgia, palatino, serif;\">Per richiedere il comodato d&#8217;uso gratuito per notebook e sim dati&nbsp; si prega di prendere visione dell&#8217;avviso pubblicato sul RE; al momento attuale la&nbsp; assegnazioni verranno predisposte per i soli alunni di classe seconda e terza sec. di I\u00b0 grado.<\/span><\/p>\n<p>Leggi Decreto Regione Piemonte 05\/03\/2021 <a href=\"http:\/\/www.istruzionepiemonte.it\/wp-content\/uploads\/2021\/03\/ORD.-N.-33-del-5-marzo-2021-scuole.pdf\">http:\/\/www.istruzionepiemonte.it\/wp-content\/uploads\/2021\/03\/ORD.-N.-33-del-5-marzo-2021-scuole.pdf<\/a><\/p>\n<p>&nbsp;<\/p>\n","protected":false},"excerpt":{"rendered":"<p>Nonostante la regione Piemonte non si trovi attualmente&nbsp; in zona rossa, da luned\u00ec 8 marzo 2021 l&#8217;attivit\u00e0 didattica di seconde e terze medie e delle scuole superiori si svolger\u00e0 in modalit\u00e0 DaD al 100%, per 15 giorni.<\/p>\n","protected":false},"author":1,"featured_media":12397,"comment_status":"closed","ping_status":"open","sticky":false,"template":"","format":"standard","meta":{"ngg_post_thumbnail":0},"categories":[2],"tags":[237,239,24],"_links":{"self":[{"href":"https:\/\/www.comprensivonegricasale.edu.it\/wp-json\/wp\/v2\/posts\/13798"}],"collection":[{"href":"https:\/\/www.comprensivonegricasale.edu.it\/wp-json\/wp\/v2\/posts"}],"about":[{"href":"https:\/\/www.comprensivonegricasale.edu.it\/wp-json\/wp\/v2\/types\/post"}],"author":[{"embeddable":true,"href":"https:\/\/www.comprensivonegricasale.edu.it\/wp-json\/wp\/v2\/users\/1"}],"replies":[{"embeddable":true,"href":"https:\/\/www.comprensivonegricasale.edu.it\/wp-json\/wp\/v2\/comments?post=13798"}],"version-history":[{"count":20,"href":"https:\/\/www.comprensivonegricasale.edu.it\/wp-json\/wp\/v2\/posts\/13798\/revisions"}],"predecessor-version":[{"id":13823,"href":"https:\/\/www.comprensivonegricasale.edu.it\/wp-json\/wp\/v2\/posts\/13798\/revisions\/13823"}],"wp:featuredmedia":[{"embeddable":true,"href":"https:\/\/www.comprensivonegricasale.edu.it\/wp-json\/wp\/v2\/media\/12397"}],"wp:attachment":[{"href":"https:\/\/www.comprensivonegricasale.edu.it\/wp-json\/wp\/v2\/media?parent=13798"}],"wp:term":[{"taxonomy":"category","embeddable":true,"href":"https:\/\/www.comprensivonegricasale.edu.it\/wp-json\/wp\/v2\/categories?post=13798"},{"taxonomy":"post_tag","embeddable":true,"href":"https:\/\/www.comprensivonegricasale.edu.it\/wp-json\/wp\/v2\/tags?post=13798"}],"curies":[{"name":"wp","href":"https:\/\/api.w.org\/{rel}","templated":true}]}}