{"id":13834,"date":"2021-03-13T11:54:04","date_gmt":"2021-03-13T09:54:04","guid":{"rendered":"https:\/\/www.comprensivonegricasale.edu.it\/?p=13834"},"modified":"2021-03-27T14:17:33","modified_gmt":"2021-03-27T12:17:33","slug":"piemonte-zona-rossa-dad-per-tutte-le-classi-da-lunedi-15-03-2021","status":"publish","type":"post","link":"https:\/\/www.comprensivonegricasale.edu.it\/piemonte-zona-rossa-dad-per-tutte-le-classi-da-lunedi-15-03-2021\/","title":{"rendered":"PIEMONTE  ZONA ROSSA, DAD PER TUTTE LE CLASSI DA LUNEDI&#8217; 15\/03\/2021"},"content":{"rendered":"<p><span style=\"font-size: 12pt; font-family: georgia, palatino, serif;\"><strong>Da luned\u00ec 15 marzo 2021 il Piemonte sar\u00e0 collocato in zona rossa ( <a href=\". https:\/\/www.regione.piemonte.it\/web\/pinforma\/notizie\/zona-rossa-lunedi-ma-anticipate-alcune-misure\">leggi comunicato<\/a> ), pertanto l&#8217;attivit\u00e0 didattica delle scuole dell&#8217;infanzia, primarie e secondarie di I \u00b0 grado si svolger\u00e0 esclusivamente in modalit\u00e0 DaD ( a distanza).<\/strong><\/span><!--more--><\/p>\n<p><span style=\"text-decoration: underline;\">Gli alunni con disabilit\u00e0 o con bisogni educativi speciali frequenteranno con le modalit\u00e0 indicate dai rispettivi insegnanti direttamente alle&nbsp; famiglie.<\/span><\/p>\n<p>Su comunicazione del Comune di Casale Monferrato sono sospesi nel territorio comunale tutti i servizi di pre scuola, post scuola, ristorazione scolastica, assistenza davanti alle scuole.<\/p>\n<p>&nbsp;<\/p>\n<h2 style=\"text-align: center;\"><strong>Orario attivit\u00e0 in DaD Scuole Sec. I\u00b0 grado (classi 1,2,3)<\/strong><\/h2>\n<p><em><span style=\"font-family: georgia, palatino, serif; font-size: 12pt;\">Le lezioni in Didattica a Distanza saranno organizzate in moduli orari da 50 minuti. Ogni lezione inizier\u00e0 dieci minuti dopo l\u2019ora spaccata (es. 9:10) e finir\u00e0 al termine dell\u2019ora (es. 10.00). Le ore di lezioni settimanali assicurate sono 15, ripartite in 18 moduli orari da 50 minuti ciascuno.<\/span><\/em><\/p>\n<p style=\"text-align: center;\">&nbsp;<\/p>\n<table style=\"border-collapse: collapse; width: 100%; height: 48px;\">\n<tbody>\n<tr style=\"height: 24px;\">\n<td style=\"width: 50%; height: 24px;\"><a href=\"https:\/\/www.comprensivonegricasale.edu.it\/wp-content\/uploads\/2021\/03\/Orario-videolezioni-DAD-Leardi.pdf\"><em><span style=\"font-size: 12pt; font-family: georgia, palatino, serif;\">Orario classi <\/span><\/em><em><span style=\"font-size: 12pt; font-family: georgia, palatino, serif;\">&nbsp;Scuola Sec. I\u00b0 grado Leardi &#8211; II\u00b0 quadrimestre<\/span><\/em><\/a><\/td>\n<td style=\"width: 50%; height: 24px;\"><a href=\"https:\/\/www.comprensivonegricasale.edu.it\/wp-content\/uploads\/2021\/03\/Orario-videolezioni-DAD-Martinotti.pdf\"><em><span style=\"font-family: georgia, palatino, serif; font-size: 12pt;\">Orario classi&nbsp; Scuola Sec. I\u00b0 grado Martinotti Villanova Monferrato II\u00b0 quadrimestre<\/span><\/em><\/a><\/td>\n<\/tr>\n<tr>\n<td style=\"width: 50%;\"><em><span style=\"font-size: 12pt; font-family: georgia, palatino, serif;\">&nbsp;<\/span><\/em><\/td>\n<td style=\"width: 50%;\"><em><span style=\"font-family: georgia, palatino, serif; font-size: 12pt;\">&nbsp;<\/span><\/em><\/td>\n<\/tr>\n<\/tbody>\n<\/table>\n<p>&nbsp;<\/p>\n<h2 style=\"text-align: center;\"><strong>Orario attivit\u00e0 in DaD Scuole Primarie ( classi 1,2,3,4,5)<\/strong><\/h2>\n<p>Gli orari saranno comunicati direttamente alle famiglie dalle insegnanti sulla piattaforma Classroom.<\/p>\n<p>&nbsp;<\/p>\n<p><span style=\"font-family: georgia, palatino, serif; font-size: 12pt;\">Le disposizioni suddette sono efficaci <strong>fino al 31\/03\/2021&nbsp; o fino a nuova comunicazione.<\/strong><\/span><\/p>\n<p>&nbsp;<\/p>\n<p>&nbsp;<\/p>\n","protected":false},"excerpt":{"rendered":"<p>Da luned\u00ec 15 marzo 2021 il Piemonte sar\u00e0 collocato in zona rossa ( leggi comunicato ), pertanto l&#8217;attivit\u00e0 didattica delle scuole dell&#8217;infanzia, primarie e secondarie di I \u00b0 grado si svolger\u00e0 esclusivamente in modalit\u00e0 DaD ( a distanza).<\/p>\n","protected":false},"author":1,"featured_media":13240,"comment_status":"closed","ping_status":"open","sticky":false,"template":"","format":"standard","meta":{"ngg_post_thumbnail":0},"categories":[2],"tags":[237,239],"_links":{"self":[{"href":"https:\/\/www.comprensivonegricasale.edu.it\/wp-json\/wp\/v2\/posts\/13834"}],"collection":[{"href":"https:\/\/www.comprensivonegricasale.edu.it\/wp-json\/wp\/v2\/posts"}],"about":[{"href":"https:\/\/www.comprensivonegricasale.edu.it\/wp-json\/wp\/v2\/types\/post"}],"author":[{"embeddable":true,"href":"https:\/\/www.comprensivonegricasale.edu.it\/wp-json\/wp\/v2\/users\/1"}],"replies":[{"embeddable":true,"href":"https:\/\/www.comprensivonegricasale.edu.it\/wp-json\/wp\/v2\/comments?post=13834"}],"version-history":[{"count":10,"href":"https:\/\/www.comprensivonegricasale.edu.it\/wp-json\/wp\/v2\/posts\/13834\/revisions"}],"predecessor-version":[{"id":13909,"href":"https:\/\/www.comprensivonegricasale.edu.it\/wp-json\/wp\/v2\/posts\/13834\/revisions\/13909"}],"wp:featuredmedia":[{"embeddable":true,"href":"https:\/\/www.comprensivonegricasale.edu.it\/wp-json\/wp\/v2\/media\/13240"}],"wp:attachment":[{"href":"https:\/\/www.comprensivonegricasale.edu.it\/wp-json\/wp\/v2\/media?parent=13834"}],"wp:term":[{"taxonomy":"category","embeddable":true,"href":"https:\/\/www.comprensivonegricasale.edu.it\/wp-json\/wp\/v2\/categories?post=13834"},{"taxonomy":"post_tag","embeddable":true,"href":"https:\/\/www.comprensivonegricasale.edu.it\/wp-json\/wp\/v2\/tags?post=13834"}],"curies":[{"name":"wp","href":"https:\/\/api.w.org\/{rel}","templated":true}]}}