{"id":13961,"date":"2021-04-10T10:07:31","date_gmt":"2021-04-10T08:07:31","guid":{"rendered":"https:\/\/www.comprensivonegricasale.edu.it\/?p=13961"},"modified":"2021-04-10T10:43:00","modified_gmt":"2021-04-10T08:43:00","slug":"ripresa-delle-attivita-didattiche-in-presenza-per-le-classi-ii-e-iii-della-scuola-secondaria-di-i-grado","status":"publish","type":"post","link":"https:\/\/www.comprensivonegricasale.edu.it\/ripresa-delle-attivita-didattiche-in-presenza-per-le-classi-ii-e-iii-della-scuola-secondaria-di-i-grado\/","title":{"rendered":"Ripresa delle attivit\u00e0 didattiche in presenza per le classi II e III della Scuola secondaria di I grado"},"content":{"rendered":"<p>Con il ritorno della regione Piemonte in zona arancione (salvo le provincie di Cuneo e Torino), come previsto dal Decreto Legge del 1 aprile 2021, n. 44, riprenderanno le attivit\u00e0 didattiche in presenza anche per le classi II e III della Scuola secondaria di I grado .<!--more--><\/p>\n<p>Pertanto da <span style=\"text-decoration: underline;\"><strong>Luned\u00ec 12 aprile 2021 le attivit\u00e0 didattiche di tutte le classi della Scuola secondaria di I grado riprenderanno con i consueti orari e modalit\u00e0.<\/strong><\/span><\/p>\n","protected":false},"excerpt":{"rendered":"<p>Con il ritorno della regione Piemonte in zona arancione (salvo le provincie di Cuneo e Torino), come previsto dal Decreto Legge del 1 aprile 2021, n. 44, riprenderanno le attivit\u00e0 didattiche in presenza anche per le classi II e III della Scuola secondaria di I grado .<\/p>\n","protected":false},"author":1,"featured_media":12730,"comment_status":"closed","ping_status":"open","sticky":false,"template":"","format":"standard","meta":{"ngg_post_thumbnail":0},"categories":[2],"tags":[259,24],"_links":{"self":[{"href":"https:\/\/www.comprensivonegricasale.edu.it\/wp-json\/wp\/v2\/posts\/13961"}],"collection":[{"href":"https:\/\/www.comprensivonegricasale.edu.it\/wp-json\/wp\/v2\/posts"}],"about":[{"href":"https:\/\/www.comprensivonegricasale.edu.it\/wp-json\/wp\/v2\/types\/post"}],"author":[{"embeddable":true,"href":"https:\/\/www.comprensivonegricasale.edu.it\/wp-json\/wp\/v2\/users\/1"}],"replies":[{"embeddable":true,"href":"https:\/\/www.comprensivonegricasale.edu.it\/wp-json\/wp\/v2\/comments?post=13961"}],"version-history":[{"count":3,"href":"https:\/\/www.comprensivonegricasale.edu.it\/wp-json\/wp\/v2\/posts\/13961\/revisions"}],"predecessor-version":[{"id":13964,"href":"https:\/\/www.comprensivonegricasale.edu.it\/wp-json\/wp\/v2\/posts\/13961\/revisions\/13964"}],"wp:featuredmedia":[{"embeddable":true,"href":"https:\/\/www.comprensivonegricasale.edu.it\/wp-json\/wp\/v2\/media\/12730"}],"wp:attachment":[{"href":"https:\/\/www.comprensivonegricasale.edu.it\/wp-json\/wp\/v2\/media?parent=13961"}],"wp:term":[{"taxonomy":"category","embeddable":true,"href":"https:\/\/www.comprensivonegricasale.edu.it\/wp-json\/wp\/v2\/categories?post=13961"},{"taxonomy":"post_tag","embeddable":true,"href":"https:\/\/www.comprensivonegricasale.edu.it\/wp-json\/wp\/v2\/tags?post=13961"}],"curies":[{"name":"wp","href":"https:\/\/api.w.org\/{rel}","templated":true}]}}