{"id":14319,"date":"2021-07-19T10:20:37","date_gmt":"2021-07-19T08:20:37","guid":{"rendered":"https:\/\/www.comprensivonegricasale.edu.it\/?p=14319"},"modified":"2021-07-19T10:22:30","modified_gmt":"2021-07-19T08:22:30","slug":"14319-2","status":"publish","type":"post","link":"https:\/\/www.comprensivonegricasale.edu.it\/14319-2\/","title":{"rendered":"Pubblicazione graduatorie 3 fascia ATA &#8211; Provvisorie"},"content":{"rendered":"<p style=\"text-align: right;\">Casale Monferrato, 17\/07\/2021<br \/>\nProt. 3625 \/U<\/p>\n<p style=\"text-align: left;\"><strong>OGGETTO: Graduatorie di Circolo e di Istituto III fascia Personale A.T.A.<\/strong><\/p>\n<p style=\"text-align: center;\">IL DIRIGENTE SCOLASTICO<\/p>\n<p style=\"text-align: left;\">VISTO il D.M. 13\/12\/2000, n. 430, concernente il regolamento per le supplenze del personale A.T.A.;<br \/>\nVISTO il D.M. n. 50 del 3 marzo 2021 con cui \u00e8 stata indetta la procedura di aggiornamento della III fascia delle graduatorie di circolo e di istituto del personale ATA per il triennio 2021\/2023;<br \/>\nVISTA la comunicazione del Ministero dell\u2019Istruzione Ufficio IV Ambito Territoriale di Alessandria e Asti Prot. N. 4696\/U del 16\/07\/2021<!--more--><\/p>\n<p style=\"text-align: center;\">DISPONE<\/p>\n<p style=\"text-align: left;\">la pubblicazione delle Graduatorie di Circolo e di Istituto provvisorie di III fascia relativamente al Personale A.T.A. in data<\/p>\n<p style=\"text-align: center;\"><strong>luned\u00ec 19 luglio 2021 ore 12.00<\/strong><\/p>\n<p style=\"text-align: left;\">Ai sensi dell\u2019art. 8 del D.M. n. 50 del 3 marzo 2021, avverso l\u2019esclusione o nullit\u00e0, nonch\u00e9 avverso le graduatorie, \u00e8 ammesso reclamo al dirigente dell\u2019istituzione scolastica che gestisce la domanda di inserimento entro 10 giorni dalla data di pubblicazione.<br \/>\nNel medesimo termine si pu\u00f2 produrre richiesta di correzione di eventuali errori materiali.<\/p>\n<p style=\"text-align: left;\">Il Dirigente Scolastico<br \/>\nProf.ssa Emanuela CAVALLI<\/p>\n<p>Le graduatorie saranno visibili all&#8217;indirizzo&nbsp; <a href=\"https:\/\/www.comprensivonegricasale.edu.it\/segreteria\/graduatorie-di-istituto\/\">https:\/\/www.comprensivonegricasale.edu.it\/segreteria\/graduatorie-di-istituto\/<\/a><\/p>\n","protected":false},"excerpt":{"rendered":"<p>Casale Monferrato, 17\/07\/2021 Prot. 3625 \/U OGGETTO: Graduatorie di Circolo e di Istituto III fascia Personale A.T.A. IL DIRIGENTE SCOLASTICO VISTO il D.M. 13\/12\/2000, n. 430, concernente il regolamento per le supplenze del personale A.T.A.; VISTO il D.M. n. 50 del 3 marzo 2021 con cui \u00e8 stata indetta la procedura di aggiornamento della III&nbsp; &nbsp; <a class=\"moretag\" href=\"https:\/\/www.comprensivonegricasale.edu.it\/14319-2\/\" title=\"Leggi l&#180;intero articolo\">&raquo;<\/a><\/p>\n","protected":false},"author":1,"featured_media":0,"comment_status":"closed","ping_status":"open","sticky":false,"template":"","format":"standard","meta":{"ngg_post_thumbnail":0},"categories":[2],"tags":[99],"_links":{"self":[{"href":"https:\/\/www.comprensivonegricasale.edu.it\/wp-json\/wp\/v2\/posts\/14319"}],"collection":[{"href":"https:\/\/www.comprensivonegricasale.edu.it\/wp-json\/wp\/v2\/posts"}],"about":[{"href":"https:\/\/www.comprensivonegricasale.edu.it\/wp-json\/wp\/v2\/types\/post"}],"author":[{"embeddable":true,"href":"https:\/\/www.comprensivonegricasale.edu.it\/wp-json\/wp\/v2\/users\/1"}],"replies":[{"embeddable":true,"href":"https:\/\/www.comprensivonegricasale.edu.it\/wp-json\/wp\/v2\/comments?post=14319"}],"version-history":[{"count":5,"href":"https:\/\/www.comprensivonegricasale.edu.it\/wp-json\/wp\/v2\/posts\/14319\/revisions"}],"predecessor-version":[{"id":14333,"href":"https:\/\/www.comprensivonegricasale.edu.it\/wp-json\/wp\/v2\/posts\/14319\/revisions\/14333"}],"wp:attachment":[{"href":"https:\/\/www.comprensivonegricasale.edu.it\/wp-json\/wp\/v2\/media?parent=14319"}],"wp:term":[{"taxonomy":"category","embeddable":true,"href":"https:\/\/www.comprensivonegricasale.edu.it\/wp-json\/wp\/v2\/categories?post=14319"},{"taxonomy":"post_tag","embeddable":true,"href":"https:\/\/www.comprensivonegricasale.edu.it\/wp-json\/wp\/v2\/tags?post=14319"}],"curies":[{"name":"wp","href":"https:\/\/api.w.org\/{rel}","templated":true}]}}