{"id":14437,"date":"2021-09-09T11:54:24","date_gmt":"2021-09-09T09:54:24","guid":{"rendered":"https:\/\/www.comprensivonegricasale.edu.it\/?p=14437"},"modified":"2021-09-09T12:02:41","modified_gmt":"2021-09-09T10:02:41","slug":"sciopero-del-13-settembre-2021","status":"publish","type":"post","link":"https:\/\/www.comprensivonegricasale.edu.it\/sciopero-del-13-settembre-2021\/","title":{"rendered":"Sciopero del 13 settembre 2021"},"content":{"rendered":"<p>Casale Monferrato 09\/09\/2021<\/p>\r\n<!-- \/wp:paragraph -->\r\n\r\n<!-- wp:paragraph -->\r\n<p>A seguito dello sciopero indetto dalle sigle sindacali del comparto scuola ANIEF e SISA, si comunica la seguente organizzazione delle attivit\u00e0 didattiche per il giorno 13 settembre&nbsp; 2021:<\/p>\r\n<!-- \/wp:paragraph -->\r\n\r\n<!-- wp:more -->\r\n<p><!--more--><\/p>\r\n<!-- \/wp:more -->\r\n\r\n<!-- wp:paragraph -->\r\n<p><strong>Scuola dell&#8217;Infanzia<\/strong><\/p>\r\n<!-- \/wp:paragraph -->\r\n\r\n<!-- wp:list -->\r\n<ul>\r\n<li>SCUOLA INFANZIA \u201cPeter Pan\u201d : le attivit\u00e0 sono regolari<\/li>\r\n<li>SCUOLA INFANZIA \u201cPiccolo Principe\u201d : le attivit\u00e0 sono regolari<\/li>\r\n<li>SCUOLA INFANZIA \u201dRegina Margherita \u201ddi Balzola: le attivit\u00e0 sono regolari<\/li>\r\n<li>SCUOLA INFANZIA \u201cGallo \u201c di Morano :le attivit\u00e0 sono regolari<\/li>\r\n<li>SCUOLA INFANZIA \u201c Stropeni \u201d di Villanova: le attivit\u00e0 sono regolari<\/li>\r\n<\/ul>\r\n<!-- \/wp:list -->\r\n\r\n<!-- wp:paragraph -->\r\n<p><strong>Scuola Primaria<\/strong><\/p>\r\n<!-- \/wp:paragraph -->\r\n\r\n<!-- wp:list -->\r\n<ul>\r\n<li>SCUOLA PRIMARIA \u201cS.Paolo\u201d Casale M.to:&nbsp; le attivit\u00e0 sono regolari<\/li>\r\n<\/ul>\r\n<!-- \/wp:list -->\r\n\r\n<!-- wp:list -->\r\n<ul>\r\n<li>SCUOLA PRIMARIA \u201cIV Novembre\u201d Casale M.to: <strong>per le classi&nbsp; &nbsp;4 sez. A\/B non sono garantite le attivit\u00e0 didattiche, sar\u00e0 garantita la sola attivit\u00e0 di sorveglianza<\/strong><\/li>\r\n<li>SCUOLA PRIMARIA \u201cG.Emanuel\u201d di Morano: le attivit\u00e0 sono regolari<\/li>\r\n<li>SCUOLA PRIMARIA \u201cE.De Amicis\u201d di Balzola: le attivit\u00e0 sono regolari<\/li>\r\n<li>SCUOLA PRIMARIA \u201cMombelli\u201d di Villanova M.to : <strong>per la classe&nbsp; 4 sez. A non \u00e8 garantita l&#8217; attivit\u00e0 didattica, sar\u00e0 garantita la sola attivit\u00e0 di sorveglianza<\/strong><\/li>\r\n<\/ul>\r\n<!-- \/wp:list -->\r\n\r\n<!-- wp:paragraph -->\r\n<p><strong>Scuola Secondaria I\u00b0 grado<\/strong><\/p>\r\n<!-- \/wp:paragraph -->\r\n\r\n<!-- wp:list -->\r\n<ul>\r\n<li>SCUOLA SECONDARIA DI 1\u00b0 GRADO \u201cLeardi\u201d Casale M.to:&nbsp; le attivit\u00e0 sono regolari<\/li>\r\n<li>SCUOLA SECONDARIA DI 1\u00b0 GRADO \u201c Martinotti \u201d di Villanova M.to:&nbsp;le attivit\u00e0 sono regolari<\/li>\r\n<\/ul>\r\n<!-- \/wp:list -->\r\n\r\n<!-- wp:paragraph -->\r\n<p>La Dirigente Scolastica Emanuela CAVALLI<\/p>\r\n<!-- \/wp:paragraph -->\r\n<p>&nbsp;<\/p>","protected":false},"excerpt":{"rendered":"<p>Casale Monferrato 09\/09\/2021 A seguito dello sciopero indetto dalle sigle sindacali del comparto scuola ANIEF e SISA, si comunica la seguente organizzazione delle attivit\u00e0 didattiche per il giorno 13 settembre&nbsp; 2021:<\/p>\n","protected":false},"author":1,"featured_media":8929,"comment_status":"closed","ping_status":"open","sticky":false,"template":"","format":"standard","meta":{"ngg_post_thumbnail":0},"categories":[2],"tags":[166],"_links":{"self":[{"href":"https:\/\/www.comprensivonegricasale.edu.it\/wp-json\/wp\/v2\/posts\/14437"}],"collection":[{"href":"https:\/\/www.comprensivonegricasale.edu.it\/wp-json\/wp\/v2\/posts"}],"about":[{"href":"https:\/\/www.comprensivonegricasale.edu.it\/wp-json\/wp\/v2\/types\/post"}],"author":[{"embeddable":true,"href":"https:\/\/www.comprensivonegricasale.edu.it\/wp-json\/wp\/v2\/users\/1"}],"replies":[{"embeddable":true,"href":"https:\/\/www.comprensivonegricasale.edu.it\/wp-json\/wp\/v2\/comments?post=14437"}],"version-history":[{"count":3,"href":"https:\/\/www.comprensivonegricasale.edu.it\/wp-json\/wp\/v2\/posts\/14437\/revisions"}],"predecessor-version":[{"id":14441,"href":"https:\/\/www.comprensivonegricasale.edu.it\/wp-json\/wp\/v2\/posts\/14437\/revisions\/14441"}],"wp:featuredmedia":[{"embeddable":true,"href":"https:\/\/www.comprensivonegricasale.edu.it\/wp-json\/wp\/v2\/media\/8929"}],"wp:attachment":[{"href":"https:\/\/www.comprensivonegricasale.edu.it\/wp-json\/wp\/v2\/media?parent=14437"}],"wp:term":[{"taxonomy":"category","embeddable":true,"href":"https:\/\/www.comprensivonegricasale.edu.it\/wp-json\/wp\/v2\/categories?post=14437"},{"taxonomy":"post_tag","embeddable":true,"href":"https:\/\/www.comprensivonegricasale.edu.it\/wp-json\/wp\/v2\/tags?post=14437"}],"curies":[{"name":"wp","href":"https:\/\/api.w.org\/{rel}","templated":true}]}}