{"id":14700,"date":"2021-10-21T10:07:40","date_gmt":"2021-10-21T08:07:40","guid":{"rendered":"https:\/\/www.comprensivonegricasale.edu.it\/?p=14700"},"modified":"2021-10-26T11:31:05","modified_gmt":"2021-10-26T09:31:05","slug":"sciopero-generale-dalle-ore-0001-del-21-10-2021-alle-ore-2359-del-31-10-2021","status":"publish","type":"post","link":"https:\/\/www.comprensivonegricasale.edu.it\/sciopero-generale-dalle-ore-0001-del-21-10-2021-alle-ore-2359-del-31-10-2021\/","title":{"rendered":"Sciopero generale  dalle ore 00,01 del 21\/10\/2021 alle ore 23:59 del 31\/10\/2021"},"content":{"rendered":"<p>Casale Monferrato 21\/10\/2021<\/p>\r\n<!-- \/wp:paragraph -->\r\n\r\n<!-- wp:paragraph -->\r\n<p>Si comunica la prosecuzione&nbsp; dello sciopero generale &nbsp;di tutti i settori pubblici e privati indetto dalla sigla sindacale F.I.S.I ad oltranza, <strong>dalle ore 00,01 del 21 ottobre 2021 alle ore 23:59 del 31 ottobre 2021<\/strong> con la motivazione <em>&#8221; difesa dei valori costituzionali minacciati da gravi eventi lesivi dell&#8217;incolumit\u00e0 e della sicurezza dei lavoratori (lavoratori soggetti ad obbligo di vaccino e certificazione verde sia pubblici che privati)&#8221;<\/em> . <!--more--> Al momento attuale non \u00e8 possibile assicurare lo svolgimento delle attivit\u00e0 didattiche,&nbsp; sar\u00e0 cura della scrivente comunicare alle famiglie&nbsp; l&#8217; organizzazione delle attivit\u00e0 didattiche per i giorni dal 22 al 30\/10\/2021 via via che la situazione sar\u00e0 pi\u00f9 definita. Si invitano i Sigg. Genitori a consultare periodicamente il presente articolo per avere aggiornamenti.<\/p>\r\n<!-- \/wp:paragraph -->\r\n\r\n<!-- wp:more -->\r\n<p>&nbsp;<\/p>\r\n<!-- \/wp:more -->\r\n\r\n<!-- wp:paragraph -->\r\n<p><strong>Scuola dell&#8217;Infanzia<\/strong><\/p>\r\n<!-- \/wp:paragraph -->\r\n\r\n<!-- wp:list -->\r\n<ul>\r\n<li>SCUOLA INFANZIA \u201cPeter Pan\u201d :&nbsp;<\/li>\r\n<li>SCUOLA INFANZIA \u201cPiccolo Principe\u201d : <strong>la sez. C terminer\u00e0 le attivit\u00e0 didattiche alle ore 13:00 del 22\/10\/21<\/strong><\/li>\r\n<li>SCUOLA INFANZIA \u201dRegina Margherita \u201ddi Balzola:&nbsp;<\/li>\r\n<li>SCUOLA INFANZIA \u201cGallo \u201c di Morano :&nbsp;<\/li>\r\n<li>SCUOLA INFANZIA \u201c Stropeni \u201d di Villanova:&nbsp;&nbsp;<\/li>\r\n<\/ul>\r\n<!-- \/wp:list -->\r\n\r\n<!-- wp:paragraph -->\r\n<p><strong>Scuola Primaria<\/strong><\/p>\r\n<!-- \/wp:paragraph -->\r\n\r\n<!-- wp:list -->\r\n<ul>\r\n<li>SCUOLA PRIMARIA \u201cS.Paolo\u201d Casale M.to: <strong>la classe 3^ sez. A terminer\u00e0 le attivit\u00e0 alle ore 14:30 del 27\/10\/2021<\/strong><\/li>\r\n<li>SCUOLA PRIMARIA \u201cIV Novembre\u201d Casale M.to:&nbsp;<strong>la classe 1^ sez. A terminer\u00e0 le attivit\u00e0 alle ore 12:25 del 28\/10\/2021<\/strong><\/li>\r\n<li>SCUOLA PRIMARIA \u201cG.Emanuel\u201d di Morano:&nbsp;<\/li>\r\n<li>SCUOLA PRIMARIA \u201cE.De Amicis\u201d di Balzola:&nbsp;<\/li>\r\n<li>SCUOLA PRIMARIA \u201cMombelli\u201d di Villanova M.to : <strong>classe 4^ sez. A non \u00e8 garantito l\u2019ingresso e le attivit\u00e0 didattiche correlate i giorni 26, 28 e 29\/10\/2021<\/strong><\/li>\r\n<\/ul>\r\n<!-- \/wp:list -->\r\n\r\n<!-- wp:list --><!-- \/wp:list -->\r\n\r\n<!-- wp:paragraph -->\r\n<p><strong>Scuola Secondaria I\u00b0 grado<\/strong><\/p>\r\n<!-- \/wp:paragraph -->\r\n\r\n<!-- wp:list -->\r\n<ul>\r\n<li>SCUOLA SECONDARIA DI 1\u00b0 GRADO \u201cLeardi\u201d Casale M.to: <strong>classe 3 sez. C entra alle ore 09:00 del 22\/10\/21&nbsp;<\/strong><\/li>\r\n<li>SCUOLA SECONDARIA DI 1\u00b0 GRADO \u201c Martinotti \u201d di Villanova M.to:&nbsp;<\/li>\r\n<\/ul>\r\n<!-- \/wp:list -->\r\n\r\n<!-- wp:paragraph -->\r\n<p>La Dirigente Scolastica Emanuela CAVALLI<\/p>","protected":false},"excerpt":{"rendered":"<p>Casale Monferrato 21\/10\/2021 Si comunica la prosecuzione&nbsp; dello sciopero generale &nbsp;di tutti i settori pubblici e privati indetto dalla sigla sindacale F.I.S.I ad oltranza, dalle ore 00,01 del 21 ottobre 2021 alle ore 23:59 del 31 ottobre 2021 con la motivazione &#8221; difesa dei valori costituzionali minacciati da gravi eventi lesivi dell&#8217;incolumit\u00e0 e della sicurezza&nbsp; &nbsp; <a class=\"moretag\" href=\"https:\/\/www.comprensivonegricasale.edu.it\/sciopero-generale-dalle-ore-0001-del-21-10-2021-alle-ore-2359-del-31-10-2021\/\" title=\"Leggi l&#180;intero articolo\">&raquo;<\/a><\/p>\n","protected":false},"author":1,"featured_media":8929,"comment_status":"closed","ping_status":"open","sticky":false,"template":"","format":"standard","meta":{"ngg_post_thumbnail":0},"categories":[2],"tags":[166],"_links":{"self":[{"href":"https:\/\/www.comprensivonegricasale.edu.it\/wp-json\/wp\/v2\/posts\/14700"}],"collection":[{"href":"https:\/\/www.comprensivonegricasale.edu.it\/wp-json\/wp\/v2\/posts"}],"about":[{"href":"https:\/\/www.comprensivonegricasale.edu.it\/wp-json\/wp\/v2\/types\/post"}],"author":[{"embeddable":true,"href":"https:\/\/www.comprensivonegricasale.edu.it\/wp-json\/wp\/v2\/users\/1"}],"replies":[{"embeddable":true,"href":"https:\/\/www.comprensivonegricasale.edu.it\/wp-json\/wp\/v2\/comments?post=14700"}],"version-history":[{"count":13,"href":"https:\/\/www.comprensivonegricasale.edu.it\/wp-json\/wp\/v2\/posts\/14700\/revisions"}],"predecessor-version":[{"id":14732,"href":"https:\/\/www.comprensivonegricasale.edu.it\/wp-json\/wp\/v2\/posts\/14700\/revisions\/14732"}],"wp:featuredmedia":[{"embeddable":true,"href":"https:\/\/www.comprensivonegricasale.edu.it\/wp-json\/wp\/v2\/media\/8929"}],"wp:attachment":[{"href":"https:\/\/www.comprensivonegricasale.edu.it\/wp-json\/wp\/v2\/media?parent=14700"}],"wp:term":[{"taxonomy":"category","embeddable":true,"href":"https:\/\/www.comprensivonegricasale.edu.it\/wp-json\/wp\/v2\/categories?post=14700"},{"taxonomy":"post_tag","embeddable":true,"href":"https:\/\/www.comprensivonegricasale.edu.it\/wp-json\/wp\/v2\/tags?post=14700"}],"curies":[{"name":"wp","href":"https:\/\/api.w.org\/{rel}","templated":true}]}}