{"id":15733,"date":"2022-05-27T11:36:21","date_gmt":"2022-05-27T09:36:21","guid":{"rendered":"https:\/\/www.comprensivonegricasale.edu.it\/?p=15733"},"modified":"2022-05-27T11:59:35","modified_gmt":"2022-05-27T09:59:35","slug":"sciopero-comparto-scuola-del-30-maggio-2022","status":"publish","type":"post","link":"https:\/\/www.comprensivonegricasale.edu.it\/sciopero-comparto-scuola-del-30-maggio-2022\/","title":{"rendered":"Sciopero comparto scuola  del 30 maggio 2022"},"content":{"rendered":"<p>Casale Monferrato 27\/05\/2022<\/p>\r\n<!-- \/wp:paragraph -->\r\n\r\n<!-- wp:paragraph -->\r\n<p>A seguito dello sciopero indetto dalle sigle sindacali: <b>&nbsp;FLC CGIL, CISL FSUR, UIL SCUOLA RUA, SNALS CONFSAL, FEDERAZIONE GILDA UNAMS,&nbsp; <\/b>con la motivazione: <!--more--> <em>&#8220;stralcio dal decreto di tutte le materie contrattuali; avvio immediato trattativa rinnovo contratto; implemento risorse per equiparazione contributiva del personale della scuola; implemento risorse per revisione e adeguamento profili ata; restituzione della formazione di tutto il personale scuola alla sfera dell&#8217;autonomia scolastica e del collegio docenti; revisione degli attuali parametri di attribuzione degli organici alle scuole per il personale docente, educativo ed ata; riduzione numero alunni per classe; limite 900 alunni per scuola; superamento precariato; previsione organico straordinario per gestire emergenze pandemiche e accoglimento alunni provenienti dalle zone di guerra; reintegrazione utilit\u00e0 del 2013; presenza di un assistente tecnico nelle scuole del primo ciclo; disciplina in sede di rinnovo CCNL dei criteri per mobilit\u00e0 con eliminazione vincoli imposti per legge; incremento organici collaboratori scolastici; indizione concorso riservato agli ass. amm.vi facenti funzione di DSGA; emanazione bando concorso DSGA; semplificazione procedure amministrative nelle segreterie; revisione regolamento supplenze ata; ricognizione stato attuazione posizioni economiche&#8221;<\/em><\/p>\r\n<p>A seguito dello sciopero indetto dalle sigle sindacali: <strong>SISA&nbsp;<\/strong>con la motivazione:<\/p>\r\n<p><em>&#8220;abolizione concorso dirigente scolastico e passaggio a una figura elettiva sul modello universitario; assunzione su tutti i posti vacanti e disponibili per tutti gli ordini di scuola con immediato open legis; creazione ruolo unico docente con uguale orario e uguale salario; concorso riservato DSGA Facenti funzioni con almeno tre anni di servizio ; recupero immediato inflazione con aumenti stipendi del 20%; introduzione studio arabo, russo e cinese nelle scuole secondarie di secondo grado&#8221;<\/em><\/p>\r\n<p>A seguito dello sciopero indetto dalle sigle sindacali: <strong>ANIEF <\/strong>con la motivazione:<\/p>\r\n<p>&#8220;<em>contro DL 30 aprile 2022, n. 36; assenza coinvolgimento OO.SS. da parte del Ministero e del Governo<\/em>; &#8221;&nbsp;&nbsp;<\/p>\r\n<p>A seguito dello sciopero indetto dalle sigle sindacali: <strong>FLP SCUOLA c<\/strong>on la motivazione:<\/p>\r\n<p>&#8220;<em>Formazione iniziale e continua dei docenti delle scuole secondarie; valorizzazione del personale docente; perfezionamento della procedura di reclutamento degli insegnanti; misure per attuazione del PNRR; mancato rinnovo contratto; mancata revisione parametri attribuzione organici alle scuole per il personale docente, educativo ed ata; mancata revisione della riduzione numero alunni per classe; mancata previsione di un sistema di immissioni in ruolo dei precari con tre anni di anzianit\u00e0 nell&#8217;arco di un triennio; omessa stabilizzazione organico Covid; mancata previsione profilo assistente tecnico in ogni scuola del primo ciclo; mancata previsione di un nuovo inquadramento del personale ata ( ruolo dirigenza ai DSGA e istituzione figura intermedia per il personale amministrativo e tecnico; ritardo bando concordo DSGA&#8221;<\/em><\/p>\r\n<p>si comunica la seguente organizzazione delle attivit\u00e0 didattiche per il giorno <span style=\"text-decoration: underline;\">30\/05\/2022:<\/span><\/p>\r\n<!-- \/wp:paragraph -->\r\n\r\n<!-- wp:more --><!-- \/wp:more -->\r\n\r\n<!-- wp:paragraph -->\r\n<p><strong>Scuola dell&#8217;Infanzia<\/strong><\/p>\r\n<!-- \/wp:paragraph -->\r\n\r\n<!-- wp:list -->\r\n<ul>\r\n<li>SCUOLA INFANZIA \u201cPeter Pan\u201d : le attivit\u00e0 sono regolari<\/li>\r\n<li>SCUOLA INFANZIA \u201cPiccolo Principe\u201d : le attivit\u00e0 sono regolari<\/li>\r\n<li>SCUOLA INFANZIA \u201dRegina Margherita \u201ddi Balzola: le attivit\u00e0 sono regolari<\/li>\r\n<li>SCUOLA INFANZIA \u201cGallo \u201c di Morano :le attivit\u00e0 sono regolari<\/li>\r\n<li>SCUOLA INFANZIA \u201c Stropeni \u201d di Villanova: <strong>sono sospese tutte le attivit\u00e0 didattiche<\/strong><\/li>\r\n<\/ul>\r\n<!-- \/wp:list -->\r\n\r\n<!-- wp:paragraph -->\r\n<p><strong>Scuola Primaria<\/strong><\/p>\r\n<!-- \/wp:paragraph -->\r\n\r\n<!-- wp:list -->\r\n<ul>\r\n<li>SCUOLA PRIMARIA \u201cS.Paolo\u201d Casale M.to: <strong>Classi III sez. A\/B sono sospese le attivit\u00e0 didattiche<\/strong><\/li>\r\n<li>SCUOLA PRIMARIA \u201cIV Novembre\u201d Casale M.to: le attivit\u00e0 sono regolari<\/li>\r\n<li>SCUOLA PRIMARIA \u201cG.Emanuel\u201d di Morano: le attivit\u00e0 sono regolari<\/li>\r\n<li>SCUOLA PRIMARIA \u201cE.De Amicis\u201d di Balzola: le attivit\u00e0 sono regolari<\/li>\r\n<li>SCUOLA PRIMARIA \u201cMombelli\u201d di Villanova M.to : le attivit\u00e0 sono regolari<\/li>\r\n<\/ul>\r\n<!-- \/wp:list -->\r\n\r\n<!-- wp:list --><!-- \/wp:list -->\r\n\r\n<!-- wp:paragraph -->\r\n<p><strong>Scuola Secondaria I\u00b0 grado<\/strong><\/p>\r\n<!-- \/wp:paragraph -->\r\n\r\n<!-- wp:list -->\r\n<ul>\r\n<li>SCUOLA SECONDARIA DI I\u00b0 GRADO \u201cLeardi\u201d Casale M.to: <strong>Classi I sez. A\/B non saranno garantite le attivit\u00e0 didattiche ma solo l&#8217;attivit\u00e0 di sorveglianza; <br>Classi II sez. B e classe III sez. B le attivit\u00e0 didattiche inizieranno alle ore 10:00;<br>Classe III sez. A le attivit\u00e0 didattiche inizieranno alle ore 09:00<\/strong><\/li>\r\n<li>SCUOLA SECONDARIA DI I\u00b0 GRADO \u201c Martinotti \u201d di Villanova M.to: <strong>Classe I sez. A non saranno garantite le attivit\u00e0 didattiche ma solo l&#8217;attivit\u00e0 di sorveglianza;<\/strong><\/li>\r\n<\/ul>\r\n<!-- \/wp:list -->\r\n\r\n<!-- wp:paragraph -->\r\n<p>La Dirigente Scolastica Emanuela CAVALLI<\/p>\r\n<!-- \/wp:paragraph -->\r\n<p>&nbsp;<\/p>","protected":false},"excerpt":{"rendered":"<p>Casale Monferrato 27\/05\/2022 A seguito dello sciopero indetto dalle sigle sindacali: &nbsp;FLC CGIL, CISL FSUR, UIL SCUOLA RUA, SNALS CONFSAL, FEDERAZIONE GILDA UNAMS,&nbsp; con la motivazione:<\/p>\n","protected":false},"author":1,"featured_media":8929,"comment_status":"closed","ping_status":"open","sticky":false,"template":"","format":"standard","meta":{"ngg_post_thumbnail":0},"categories":[2],"tags":[166],"_links":{"self":[{"href":"https:\/\/www.comprensivonegricasale.edu.it\/wp-json\/wp\/v2\/posts\/15733"}],"collection":[{"href":"https:\/\/www.comprensivonegricasale.edu.it\/wp-json\/wp\/v2\/posts"}],"about":[{"href":"https:\/\/www.comprensivonegricasale.edu.it\/wp-json\/wp\/v2\/types\/post"}],"author":[{"embeddable":true,"href":"https:\/\/www.comprensivonegricasale.edu.it\/wp-json\/wp\/v2\/users\/1"}],"replies":[{"embeddable":true,"href":"https:\/\/www.comprensivonegricasale.edu.it\/wp-json\/wp\/v2\/comments?post=15733"}],"version-history":[{"count":15,"href":"https:\/\/www.comprensivonegricasale.edu.it\/wp-json\/wp\/v2\/posts\/15733\/revisions"}],"predecessor-version":[{"id":15748,"href":"https:\/\/www.comprensivonegricasale.edu.it\/wp-json\/wp\/v2\/posts\/15733\/revisions\/15748"}],"wp:featuredmedia":[{"embeddable":true,"href":"https:\/\/www.comprensivonegricasale.edu.it\/wp-json\/wp\/v2\/media\/8929"}],"wp:attachment":[{"href":"https:\/\/www.comprensivonegricasale.edu.it\/wp-json\/wp\/v2\/media?parent=15733"}],"wp:term":[{"taxonomy":"category","embeddable":true,"href":"https:\/\/www.comprensivonegricasale.edu.it\/wp-json\/wp\/v2\/categories?post=15733"},{"taxonomy":"post_tag","embeddable":true,"href":"https:\/\/www.comprensivonegricasale.edu.it\/wp-json\/wp\/v2\/tags?post=15733"}],"curies":[{"name":"wp","href":"https:\/\/api.w.org\/{rel}","templated":true}]}}