{"id":16481,"date":"2023-02-09T15:16:40","date_gmt":"2023-02-09T13:16:40","guid":{"rendered":"https:\/\/www.comprensivonegricasale.edu.it\/?p=16481"},"modified":"2023-02-09T15:20:25","modified_gmt":"2023-02-09T13:20:25","slug":"sciopero-comparto-scuola-del-10-febbraio-2023","status":"publish","type":"post","link":"https:\/\/www.comprensivonegricasale.edu.it\/sciopero-comparto-scuola-del-10-febbraio-2023\/","title":{"rendered":"Sciopero comparto scuola  del 10 febbraio 2023"},"content":{"rendered":"<p>Casale Monferrato 09\/02\/2023<\/p>\r\n<!-- \/wp:paragraph -->\r\n\r\n<!-- wp:paragraph -->\r\n<p>A seguito dello sciopero indetto dalle sigle sindacale: <strong>USB P.I. SCUOLA<\/strong><b>&nbsp; e F.I.S.I. per il giorno 10 febbraio 2023;&nbsp; <\/b>con la motivazione: <!--more--> <strong>USB P.I. SCUOLA <\/strong><em>&#8220;mancato inserimento di aumento organici docenti ed ata nei provvedimenti legislativi; mancata integrazione docenti ed ata del cosiddetto &#8220;organico aggiuntivo Covid&#8221;; organici personale ata inadeguati e sottodimensionati con carichi di lavoro e responsabilit\u00e0 aumentate; attuazione percorsi di formazione obbligatori a carico dei vincitori di concorsi straordinari e intenzione di procedere a formazione obbligatoria a carico dei futuri docenti; mancanza di volont\u00e0 a stabilizzare i docenti vincitori di concorsi ordinari e straordinari 2020; volont\u00e0 di mantenere i vincoli sulla mobilit\u00e0 del personale docente; inadeguato rinnovo parte economica del CCNL soprattutto per le categorie con retribuzione minore; mancata volont\u00e0 di eliminare i percorsi PCTO nonostante i gravi e letali incidenti sul lavoro&#8221;<\/em>&nbsp; &nbsp;<\/p>\r\n<p><b>F.I.S.I.<\/b>&nbsp; &#8220;<em>adesione allo sciopero proclamato dall&#8217;USB P.I. Scuola concernente argomenti e provvedimenti legislativi che hanno un riflesso negativo su tutto il personale della scuola&#8221;<\/em><\/p>\r\n<p>si comunica la seguente organizzazione delle attivit\u00e0 didattiche per il giorno <span style=\"text-decoration: underline;\">10 febbraio 2023<\/span><\/p>\r\n<!-- \/wp:paragraph -->\r\n\r\n<!-- wp:more --><!-- \/wp:more -->\r\n\r\n<!-- wp:paragraph -->\r\n<p><strong>Scuola dell&#8217;Infanzia<\/strong><\/p>\r\n<!-- \/wp:paragraph -->\r\n\r\n<!-- wp:list -->\r\n<ul>\r\n<li>SCUOLA INFANZIA \u201cPeter Pan\u201d : le attivit\u00e0 sono regolari<\/li>\r\n<li>SCUOLA INFANZIA \u201cPiccolo Principe\u201d : le attivit\u00e0 sono regolari<\/li>\r\n<li>SCUOLA INFANZIA \u201dRegina Margherita \u201ddi Balzola: le attivit\u00e0 sono regolari<\/li>\r\n<li>SCUOLA INFANZIA \u201cGallo \u201c di Morano :le attivit\u00e0 sono regolari<\/li>\r\n<li>SCUOLA INFANZIA \u201c Stropeni \u201d di Villanova: <strong>sez. B le attivit\u00e0 didattiche sono sospese per l&#8217;intera giornata<\/strong><\/li>\r\n<\/ul>\r\n<!-- \/wp:list -->\r\n\r\n<!-- wp:paragraph -->\r\n<p><strong>Scuola Primaria<\/strong><\/p>\r\n<!-- \/wp:paragraph -->\r\n\r\n<!-- wp:list -->\r\n<ul>\r\n<li>SCUOLA PRIMARIA \u201cS.Paolo\u201d Casale M.to: le attivit\u00e0 sono regolari<\/li>\r\n<li>SCUOLA PRIMARIA \u201cIV Novembre\u201d Casale M.to: le attivit\u00e0 sono regolari<\/li>\r\n<li>SCUOLA PRIMARIA \u201cG.Emanuel\u201d di Morano: le attivit\u00e0 sono regolari<\/li>\r\n<li>SCUOLA PRIMARIA \u201cE.De Amicis\u201d di Balzola: le attivit\u00e0 sono regolari<\/li>\r\n<li>SCUOLA PRIMARIA \u201cMombelli\u201d di Villanova M.to : le attivit\u00e0 sono regolari<\/li>\r\n<\/ul>\r\n<!-- \/wp:list -->\r\n\r\n<!-- wp:list --><!-- \/wp:list -->\r\n\r\n<!-- wp:paragraph -->\r\n<p><strong>Scuola Secondaria I\u00b0 grado<\/strong><\/p>\r\n<!-- \/wp:paragraph -->\r\n\r\n<!-- wp:list -->\r\n<ul>\r\n<li>SCUOLA SECONDARIA DI I\u00b0 GRADO \u201cLeardi\u201d Casale M.to:&nbsp; le attivit\u00e0 sono regolari<\/li>\r\n<li>SCUOLA SECONDARIA DI I\u00b0 GRADO \u201c Martinotti \u201d di Villanova M.to: le attivit\u00e0 sono regolari<\/li>\r\n<\/ul>\r\n<!-- \/wp:list -->\r\n\r\n<!-- wp:paragraph -->\r\n<p>La Dirigente Scolastica Emanuela CAVALLI<\/p>\r\n<!-- \/wp:paragraph -->\r\n<p>&nbsp;<\/p>","protected":false},"excerpt":{"rendered":"<p>Casale Monferrato 09\/02\/2023 A seguito dello sciopero indetto dalle sigle sindacale: USB P.I. SCUOLA&nbsp; e F.I.S.I. per il giorno 10 febbraio 2023;&nbsp; con la motivazione:<\/p>\n","protected":false},"author":1,"featured_media":8929,"comment_status":"closed","ping_status":"open","sticky":false,"template":"","format":"standard","meta":{"ngg_post_thumbnail":0},"categories":[2],"tags":[166],"_links":{"self":[{"href":"https:\/\/www.comprensivonegricasale.edu.it\/wp-json\/wp\/v2\/posts\/16481"}],"collection":[{"href":"https:\/\/www.comprensivonegricasale.edu.it\/wp-json\/wp\/v2\/posts"}],"about":[{"href":"https:\/\/www.comprensivonegricasale.edu.it\/wp-json\/wp\/v2\/types\/post"}],"author":[{"embeddable":true,"href":"https:\/\/www.comprensivonegricasale.edu.it\/wp-json\/wp\/v2\/users\/1"}],"replies":[{"embeddable":true,"href":"https:\/\/www.comprensivonegricasale.edu.it\/wp-json\/wp\/v2\/comments?post=16481"}],"version-history":[{"count":3,"href":"https:\/\/www.comprensivonegricasale.edu.it\/wp-json\/wp\/v2\/posts\/16481\/revisions"}],"predecessor-version":[{"id":16484,"href":"https:\/\/www.comprensivonegricasale.edu.it\/wp-json\/wp\/v2\/posts\/16481\/revisions\/16484"}],"wp:featuredmedia":[{"embeddable":true,"href":"https:\/\/www.comprensivonegricasale.edu.it\/wp-json\/wp\/v2\/media\/8929"}],"wp:attachment":[{"href":"https:\/\/www.comprensivonegricasale.edu.it\/wp-json\/wp\/v2\/media?parent=16481"}],"wp:term":[{"taxonomy":"category","embeddable":true,"href":"https:\/\/www.comprensivonegricasale.edu.it\/wp-json\/wp\/v2\/categories?post=16481"},{"taxonomy":"post_tag","embeddable":true,"href":"https:\/\/www.comprensivonegricasale.edu.it\/wp-json\/wp\/v2\/tags?post=16481"}],"curies":[{"name":"wp","href":"https:\/\/api.w.org\/{rel}","templated":true}]}}