{"id":9794,"date":"2017-10-30T13:18:00","date_gmt":"2017-10-30T11:18:00","guid":{"rendered":"http:\/\/www.comprensivonegricasale.edu.it\/?p=9794"},"modified":"2017-10-30T13:51:46","modified_gmt":"2017-10-30T11:51:46","slug":"corso-formazione-i-bambini-devono-sapere","status":"publish","type":"post","link":"https:\/\/www.comprensivonegricasale.edu.it\/corso-formazione-i-bambini-devono-sapere\/","title":{"rendered":"Corso Formazione &#8220;I bambini devono sapere&#8221;"},"content":{"rendered":"<h2 style=\"text-align: center;\">INCONTRI DI FORMAZIONE SUL TEMA DEL LUTTO A SCUOLA<br \/>\n<strong>anno scolastico 2017-2018<\/strong><\/h2>\n<p><strong>&nbsp;<\/strong><strong>INTRODUZIONE<\/strong><\/p>\n<p style=\"text-align: justify;\">Gli incontri sono proposti&nbsp; allo scopo di diffondere la cultura delle Cure Palliative<!--more-->e sensibilizzare sul tema della morte intesa come parte integrante della vita stessa.<br \/>\nSpesso gli insegnanti incontrano difficolt\u00e0 nel parlare, sostenere e accompagnare i bambini che vivono la malattia e la perdita di una persona cara.<br \/>\nNella societ\u00e0 contemporanea la morte \u00e8 argomento tab\u00f9, spesso negata e relegata nell&#8217;indicibile.<br \/>\nTalvolta i bambini non vengono informati della morte di una persona cara in un tentativo di falsa protezione. Ma parlare della morte \u00e8 una necessit\u00e0 e un diritto per tutti i bambini, non soltanto per quelli che stanno vivendo una perdita, perch\u00e8 conoscere la finitezza della nostra condizione umana educa alla vita.<br \/>\nGli incontri proposti tratteranno del concetto che il bambino ha della morte e delle possibili reazioni alla perdita e si propongono di sviluppare una riflessione sulle modalit\u00e0 di gestire un lutto nella classe, anche in termini preventivi.<\/p>\n<p><strong>DESTINATARI&nbsp;<\/strong><\/p>\n<p><span style=\"text-decoration: underline;\">Insegnanti di scuola primaria e dell&#8217;infanzia dell&#8217; Ic. Francesco Negri. Numero di partecipanti da 8 a 20.<\/span><\/p>\n<p><strong>CONTENUTI<\/strong><\/p>\n<p style=\"text-align: justify;\">Il concetto di morte nei bambini nelle diverse fasi di sviluppo cognitivo e affettivo e le reazioni di fronte alla perdita.<br \/>\nLa societ\u00e0 contemporanea e gli adulti di fronte al lutto dei bambini.<\/p>\n<p><strong>FINALITA<\/strong>&#8216;<strong>&nbsp;<\/strong><\/p>\n<p style=\"text-align: justify;\">Diffondere e promuovere la cultura delle Cure Palliative sensibilizzando sul tema del fine vita e della morte come parte integrante della vita stessa.<\/p>\n<p><strong>OBIETTIVI&nbsp;<\/strong><\/p>\n<p style=\"text-align: justify;\">Sviluppare consapevolezza del proprio vissuto personale e professionale nei confronti della morte.<br \/>\nCreare uno spazio di condivisione e confronto sui temi della perdita, della malattia e del lutto.<br \/>\nFornire conoscenze e modalit\u00e0 operative che aiutino l&#8217;insegnante ad affrontare situazioni di perdita che i bambini stanno vivendo.<br \/>\nFacilitare una comunicazione efficace: sincera, semplice, chiara e adeguata al livello di maturit\u00e0, tra adulto e bambino. Fornire strumenti per cogliere segnali di disagio nei bambini.<\/p>\n<p><strong>METODOLOGIA<\/strong><\/p>\n<ul>\n<li>Lezioni frontali<\/li>\n<li>Attivit\u00e0 esperienziali<\/li>\n<li>Lavoro in piccolo gruppo<\/li>\n<li>Visione di filmati<\/li>\n<\/ul>\n<p><strong>CONDUTTORI&nbsp;<\/strong><\/p>\n<p>Daniela Degiovanni, oncologa e palliativista, Associazione VITAS<br \/>\nM.Clara Venier, psicologa-psicoterapeuta Associazione VITAS<br \/>\nChiara Debernardis, insegnante di scuola primaria e volontaria VITAS<br \/>\nElena Miglietta, psicologa, insegnante di scuola primaria,IC Negri.<\/p>\n<p>Si terranno due incontri della durata di due ore ciascuno.<br \/>\n<strong>Sede IC. Francesco Negri &#8211; Casale Monferrato<\/strong><br \/>\n<strong>il 29 novembre e il 20 dicembre 2017 dalle ore 17:00 alle ore 19:00<\/strong><\/p>\n<p>Iscrizioni entro il 12\/11\/2017 esclusivamente tramite il segente link <a href=\"https:\/\/goo.gl\/forms\/ktPju1liJ4dXqdeI2\">https:\/\/goo.gl\/forms\/ktPju1liJ4dXqdeI2 &nbsp;<\/a><\/p>\n<p>&nbsp;<\/p>\n","protected":false},"excerpt":{"rendered":"<p>INCONTRI DI FORMAZIONE SUL TEMA DEL LUTTO A SCUOLA anno scolastico 2017-2018 &nbsp;INTRODUZIONE Gli incontri sono proposti&nbsp; allo scopo di diffondere la cultura delle Cure Palliative<\/p>\n","protected":false},"author":1,"featured_media":8231,"comment_status":"closed","ping_status":"open","sticky":false,"template":"","format":"standard","meta":{"ngg_post_thumbnail":0},"categories":[2],"tags":[121,20,21],"_links":{"self":[{"href":"https:\/\/www.comprensivonegricasale.edu.it\/wp-json\/wp\/v2\/posts\/9794"}],"collection":[{"href":"https:\/\/www.comprensivonegricasale.edu.it\/wp-json\/wp\/v2\/posts"}],"about":[{"href":"https:\/\/www.comprensivonegricasale.edu.it\/wp-json\/wp\/v2\/types\/post"}],"author":[{"embeddable":true,"href":"https:\/\/www.comprensivonegricasale.edu.it\/wp-json\/wp\/v2\/users\/1"}],"replies":[{"embeddable":true,"href":"https:\/\/www.comprensivonegricasale.edu.it\/wp-json\/wp\/v2\/comments?post=9794"}],"version-history":[{"count":9,"href":"https:\/\/www.comprensivonegricasale.edu.it\/wp-json\/wp\/v2\/posts\/9794\/revisions"}],"predecessor-version":[{"id":9803,"href":"https:\/\/www.comprensivonegricasale.edu.it\/wp-json\/wp\/v2\/posts\/9794\/revisions\/9803"}],"wp:featuredmedia":[{"embeddable":true,"href":"https:\/\/www.comprensivonegricasale.edu.it\/wp-json\/wp\/v2\/media\/8231"}],"wp:attachment":[{"href":"https:\/\/www.comprensivonegricasale.edu.it\/wp-json\/wp\/v2\/media?parent=9794"}],"wp:term":[{"taxonomy":"category","embeddable":true,"href":"https:\/\/www.comprensivonegricasale.edu.it\/wp-json\/wp\/v2\/categories?post=9794"},{"taxonomy":"post_tag","embeddable":true,"href":"https:\/\/www.comprensivonegricasale.edu.it\/wp-json\/wp\/v2\/tags?post=9794"}],"curies":[{"name":"wp","href":"https:\/\/api.w.org\/{rel}","templated":true}]}}